{"id":6413,"date":"2024-02-09T11:59:10","date_gmt":"2024-02-09T11:59:10","guid":{"rendered":"https:\/\/dbsaa.de\/?p=6413"},"modified":"2024-02-09T11:59:25","modified_gmt":"2024-02-09T11:59:25","slug":"reflecting-on-history-screening-the-murderers-are-among-us-at-the-german-embassy-school","status":"publish","type":"post","link":"https:\/\/dbsaa.de\/de\/reflecting-on-history-screening-the-murderers-are-among-us-at-the-german-embassy-school\/","title":{"rendered":"\u00dcber die Vergangenheit nachdenken: Filmvorf\u00fchrung \"Die M\u00f6rder sind unter uns\" an der Deutschen Botschaftsschule"},"content":{"rendered":"<p>Die Deutsche Botschaftsschule in Addis Abeba veranstaltete eine Sondervorf\u00fchrung des Filmklassikers \"Die M\u00f6rder sind unter uns\" in der Turnhalle der Schule. Diese Veranstaltung bot unseren Sch\u00fclerinnen und Sch\u00fclern eine unsch\u00e4tzbare Gelegenheit, sich mit einem wichtigen St\u00fcck deutscher Filmgeschichte auseinanderzusetzen und \u00fcber die damit verbundenen Erkenntnisse nachzudenken.<\/p>\n\n\n\n<figure class=\"wp-block-image size-large\"><img loading=\"lazy\" decoding=\"async\" width=\"1024\" height=\"683\" src=\"https:\/\/dbsaa.de\/wp-content\/uploads\/2024\/02\/IMG_3656-1024x683.jpg\" alt=\"\" class=\"wp-image-6400\" srcset=\"https:\/\/dbsaa.de\/wp-content\/uploads\/2024\/02\/IMG_3656-1024x683.jpg 1024w, https:\/\/dbsaa.de\/wp-content\/uploads\/2024\/02\/IMG_3656-300x200.jpg 300w, https:\/\/dbsaa.de\/wp-content\/uploads\/2024\/02\/IMG_3656-768x512.jpg 768w, https:\/\/dbsaa.de\/wp-content\/uploads\/2024\/02\/IMG_3656-1536x1024.jpg 1536w, https:\/\/dbsaa.de\/wp-content\/uploads\/2024\/02\/IMG_3656-2048x1365.jpg 2048w, https:\/\/dbsaa.de\/wp-content\/uploads\/2024\/02\/IMG_3656-18x12.jpg 18w, https:\/\/dbsaa.de\/wp-content\/uploads\/2024\/02\/IMG_3656-600x400.jpg 600w\" sizes=\"(max-width: 1024px) 100vw, 1024px\" \/><\/figure>\n\n\n\n<p>F\u00fcr viele unserer Sch\u00fclerinnen und Sch\u00fcler war dies die erste Begegnung mit diesem Film des Regisseurs Wolfgang Staudte aus dem Jahr 1946. Der Film spielt im Berlin der Nachkriegszeit und befasst sich mit den Folgen des Krieges und den moralischen Dilemmata der Menschen, die versuchen, ihr Leben inmitten der Tr\u00fcmmer ihres Landes wieder aufzubauen. Durch die fesselnde Erz\u00e4hlung wird der Zuschauer Zeuge der K\u00e4mpfe der Figuren, insbesondere von Susanne Wallner, einer KZ-\u00dcberlebenden, und Dr. Hans Mertens, einem ehemaligen Wehrmachtsoffizier, der von seinen vergangenen Taten verfolgt wird.<\/p>\n\n\n\n<figure class=\"wp-block-image size-large\"><img loading=\"lazy\" decoding=\"async\" width=\"1024\" height=\"683\" src=\"https:\/\/dbsaa.de\/wp-content\/uploads\/2024\/02\/IMG_3652-1024x683.jpg\" alt=\"\" class=\"wp-image-6396\" srcset=\"https:\/\/dbsaa.de\/wp-content\/uploads\/2024\/02\/IMG_3652-1024x683.jpg 1024w, https:\/\/dbsaa.de\/wp-content\/uploads\/2024\/02\/IMG_3652-300x200.jpg 300w, https:\/\/dbsaa.de\/wp-content\/uploads\/2024\/02\/IMG_3652-768x512.jpg 768w, https:\/\/dbsaa.de\/wp-content\/uploads\/2024\/02\/IMG_3652-1536x1024.jpg 1536w, https:\/\/dbsaa.de\/wp-content\/uploads\/2024\/02\/IMG_3652-2048x1365.jpg 2048w, https:\/\/dbsaa.de\/wp-content\/uploads\/2024\/02\/IMG_3652-18x12.jpg 18w, https:\/\/dbsaa.de\/wp-content\/uploads\/2024\/02\/IMG_3652-600x400.jpg 600w\" sizes=\"(max-width: 1024px) 100vw, 1024px\" \/><\/figure>\n\n\n\n<p>Die Vorf\u00fchrung war mehr als nur ein Kinoerlebnis; sie war ein Katalysator f\u00fcr sinnvolle Diskussionen \u00fcber Geschichte, Moral und die Folgen des Krieges. In den Reflexionen nach der Vorf\u00fchrung tauschten die Teilnehmenden ihre Gedanken \u00fcber die im Film dargestellten Themen Schuld, Vergebung und Vers\u00f6hnung aus. Viele dr\u00fcckten ihre Bewunderung f\u00fcr Susannes Widerstandskraft und Mut aus, w\u00e4hrend andere sich mit der Komplexit\u00e4t von Mertens' Charakter und seinem Streben nach Erl\u00f6sung auseinandersetzten.<\/p>\n\n\n\n<figure class=\"wp-block-image size-large\"><img loading=\"lazy\" decoding=\"async\" width=\"1024\" height=\"683\" src=\"https:\/\/dbsaa.de\/wp-content\/uploads\/2024\/02\/IMG_3655-1024x683.jpg\" alt=\"\" class=\"wp-image-6399\" srcset=\"https:\/\/dbsaa.de\/wp-content\/uploads\/2024\/02\/IMG_3655-1024x683.jpg 1024w, https:\/\/dbsaa.de\/wp-content\/uploads\/2024\/02\/IMG_3655-300x200.jpg 300w, https:\/\/dbsaa.de\/wp-content\/uploads\/2024\/02\/IMG_3655-768x512.jpg 768w, https:\/\/dbsaa.de\/wp-content\/uploads\/2024\/02\/IMG_3655-1536x1024.jpg 1536w, https:\/\/dbsaa.de\/wp-content\/uploads\/2024\/02\/IMG_3655-2048x1365.jpg 2048w, https:\/\/dbsaa.de\/wp-content\/uploads\/2024\/02\/IMG_3655-18x12.jpg 18w, https:\/\/dbsaa.de\/wp-content\/uploads\/2024\/02\/IMG_3655-600x400.jpg 600w\" sizes=\"(max-width: 1024px) 100vw, 1024px\" \/><\/figure>\n\n\n\n<p>Einer der st\u00e4rksten Aspekte beim gemeinsamen Ansehen des Films \"Die M\u00f6rder sind unter uns\" war die Gelegenheit, die er unserer Gemeinschaft bot, zusammenzukommen und einen Dialog zu f\u00fchren. W\u00e4hrend wir durch die emotionale Reise, die auf dem Bildschirm dargestellt wurde, navigierten, konnten Studierende und Lehrkr\u00e4fte gleicherma\u00dfen ihre Perspektiven austauschen, Fragen stellen und ihr Verst\u00e4ndnis f\u00fcr diese entscheidende Zeit der Geschichte vertiefen.<\/p>\n\n\n\n<p>Ereignisse wie diese unterstreichen, wie wichtig es ist, kulturelle und historische Erfahrungen in unseren Lehrplan aufzunehmen. Indem wir unsere Sch\u00fclerinnen und Sch\u00fcler mit verschiedenen Erz\u00e4hlungen konfrontieren und sie zu einer kritischen Analyse komplexer Themen herausfordern, bef\u00e4higen wir sie dazu, aufgekl\u00e4rte Menschen zu werden, die in der Lage sind, die Komplexit\u00e4t der Welt um sie herum zu bew\u00e4ltigen.<\/p>\n\n\n\n<figure class=\"wp-block-image size-large\"><img loading=\"lazy\" decoding=\"async\" width=\"1024\" height=\"683\" src=\"https:\/\/dbsaa.de\/wp-content\/uploads\/2024\/02\/IMG_3666-1024x683.jpg\" alt=\"\" class=\"wp-image-6410\" srcset=\"https:\/\/dbsaa.de\/wp-content\/uploads\/2024\/02\/IMG_3666-1024x683.jpg 1024w, https:\/\/dbsaa.de\/wp-content\/uploads\/2024\/02\/IMG_3666-300x200.jpg 300w, https:\/\/dbsaa.de\/wp-content\/uploads\/2024\/02\/IMG_3666-768x512.jpg 768w, https:\/\/dbsaa.de\/wp-content\/uploads\/2024\/02\/IMG_3666-1536x1024.jpg 1536w, https:\/\/dbsaa.de\/wp-content\/uploads\/2024\/02\/IMG_3666-2048x1365.jpg 2048w, https:\/\/dbsaa.de\/wp-content\/uploads\/2024\/02\/IMG_3666-18x12.jpg 18w, https:\/\/dbsaa.de\/wp-content\/uploads\/2024\/02\/IMG_3666-600x400.jpg 600w\" sizes=\"(max-width: 1024px) 100vw, 1024px\" \/><\/figure>\n\n\n\n<p>Wir sind dankbar, dass wir die Gelegenheit hatten, dieses Screening zu veranstalten, und freuen uns darauf, weiterhin bereichernde Erfahrungen zu bieten, die zum Lernen und Wachsen anregen.<\/p>","protected":false},"excerpt":{"rendered":"<p>The German Embassy School in Addis Ababa hosted a special screening of the classic film &#8220;The Murderers Are Among Us&#8221; in the school gymnasium. This event provided an invaluable opportunity for our students to engage with an important piece of German cinematic history and to reflect on the lessons it imparts. For many of our students, this was their first encounter with this 1946 film directed by Wolfgang Staudte. Set in post-World War II Berlin, the movie delves into the aftermath of the war and the moral dilemmas faced by individuals attempting to rebuild their lives amidst the ruins of their country. Through the compelling narrative, viewers witness the struggles of the characters, particularly Susanne Wallner, a concentration camp survivor, and Dr. Hans Mertens, a former Wehrmacht officer haunted by his past actions. The screening served as more than just a cinematic experience; it was a catalyst for meaningful discussions about history, morality, and the consequences of war. In the post-screening reflections, students shared their thoughts on the themes of guilt, forgiveness, and reconciliation depicted in the film. Many expressed admiration for Susanne&#8217;s resilience and courage, while others grappled with the complexities of Mertens&#8217; character and his quest for redemption. One of the most powerful aspects of watching &#8220;The Murderers Are Among Us&#8221; together was the opportunity it provided for our community to come together and engage in dialogue. As we navigated through the emotional journey portrayed on screen, students and faculty alike were able to exchange perspectives, ask questions, and deepen their understanding of this pivotal period in history. Events like these underscore the importance of incorporating cultural and historical experiences into our curriculum. By exposing our students to diverse narratives and challenging them to critically analyze complex issues, we empower them to become informed global citizens capable of navigating the complexities of the world around them. We are grateful to have had the opportunity to host this screening and look forward to continuing to provide enriching experiences that inspire learning and growth.<\/p>","protected":false},"author":1,"featured_media":6400,"comment_status":"open","ping_status":"open","sticky":false,"template":"","format":"standard","meta":{"footnotes":""},"categories":[21],"tags":[],"_links":{"self":[{"href":"https:\/\/dbsaa.de\/de\/wp-json\/wp\/v2\/posts\/6413"}],"collection":[{"href":"https:\/\/dbsaa.de\/de\/wp-json\/wp\/v2\/posts"}],"about":[{"href":"https:\/\/dbsaa.de\/de\/wp-json\/wp\/v2\/types\/post"}],"author":[{"embeddable":true,"href":"https:\/\/dbsaa.de\/de\/wp-json\/wp\/v2\/users\/1"}],"replies":[{"embeddable":true,"href":"https:\/\/dbsaa.de\/de\/wp-json\/wp\/v2\/comments?post=6413"}],"version-history":[{"count":1,"href":"https:\/\/dbsaa.de\/de\/wp-json\/wp\/v2\/posts\/6413\/revisions"}],"predecessor-version":[{"id":6414,"href":"https:\/\/dbsaa.de\/de\/wp-json\/wp\/v2\/posts\/6413\/revisions\/6414"}],"wp:featuredmedia":[{"embeddable":true,"href":"https:\/\/dbsaa.de\/de\/wp-json\/wp\/v2\/media\/6400"}],"wp:attachment":[{"href":"https:\/\/dbsaa.de\/de\/wp-json\/wp\/v2\/media?parent=6413"}],"wp:term":[{"taxonomy":"category","embeddable":true,"href":"https:\/\/dbsaa.de\/de\/wp-json\/wp\/v2\/categories?post=6413"},{"taxonomy":"post_tag","embeddable":true,"href":"https:\/\/dbsaa.de\/de\/wp-json\/wp\/v2\/tags?post=6413"}],"curies":[{"name":"wp","href":"https:\/\/api.w.org\/{rel}","templated":true}]}}